{"id":4319,"date":"2025-01-21T15:16:19","date_gmt":"2025-01-21T15:16:19","guid":{"rendered":"https:\/\/www.javeriano.edu.co\/javerianonew\/?p=4319"},"modified":"2025-02-18T14:47:36","modified_gmt":"2025-02-18T14:47:36","slug":"xxxiii-feria-nacional-de-universidades","status":"publish","type":"post","link":"https:\/\/www.javeriano.edu.co\/javerianonew\/xxxiii-feria-nacional-de-universidades\/","title":{"rendered":"XXXIII Feria Nacional de Universidades"},"content":{"rendered":"\t\t<div data-elementor-type=\"wp-post\" data-elementor-id=\"4319\" class=\"elementor elementor-4319\" data-elementor-post-type=\"post\">\n\t\t\t\t<div class=\"elementor-element elementor-element-3a9e3c66 e-flex e-con-boxed e-con e-parent\" data-id=\"3a9e3c66\" data-element_type=\"container\">\n\t\t\t\t\t<div class=\"e-con-inner\">\n\t\t\t\t<div class=\"elementor-element elementor-element-79c198ba elementor-widget elementor-widget-text-editor\" data-id=\"79c198ba\" data-element_type=\"widget\" data-widget_type=\"text-editor.default\">\n\t\t\t\t<div class=\"elementor-widget-container\">\n\t\t\t\t\t\t\t\t\t\n<p><\/p>\n\n\n\n<p>Los d\u00edas 20 y 21 de febrero, jueves y viernes, se realizar\u00e1 la Feria Nacional de Universidades en el Colegio Javeriano, sede Centro.<\/p>\n\n\n\n<p>Las puertas estar\u00e1n abiertas de 8:00 am a 2:00 pm los dos d\u00edas, y la entrada ser\u00e1 gratuita.<\/p>\n\n\n\n<p>Es una invitaci\u00f3n especial para los estudiantes de grados noveno, d\u00e9cimo y once, para que visiten la feria y obtengan informaci\u00f3n de las diferentes opciones acad\u00e9micas que tienen las instituciones de educaci\u00f3n superior.<\/p>\n\n\n\n<p>En esta feria los colegiales acceden a la oferta educativa de m\u00e1s de 35 instituciones de educaci\u00f3n superior que traen informaci\u00f3n de sus carreras t\u00e9cnicas, tecnol\u00f3gicas, profesionales y de posgrado. No solo estar\u00e1n las Universidades de Pasto, sino tambi\u00e9n universidades que vienen de Medell\u00edn, Cali, Cauca, Bogot\u00e1, Manizales, e incluso algunas universidades del extranjero.<\/p>\n\n\n\n<ul class=\"wp-block-list\">\n<li>Habr\u00e1 conferencias sobre profesiones, universidades, opciones de financiaci\u00f3n y becas<\/li>\n\n\n\n<li>La oferta de posgrado tambi\u00e9n estar\u00e1 disponible.<\/li>\n\n\n\n<li>En esta oportunidad el ingreso a la Feria ser\u00e1 gratuito<\/li>\n\n\n\n<li>Est\u00e1n invitadas las empresas locales que se han dedicado a ofertar estad\u00eda y bienestar a los estudiantes que llegan de otras ciudades.<\/li>\n<\/ul>\n\n\n\n<p><strong>Informes de la Feria de Universidades con M\u00d3NICA DERAZO CHAPARRO al correo electr\u00f3nico derazomonica@javeriano.edu.co<\/strong><\/p>\n\n\n\n<figure class=\"wp-block-image size-large\"><img fetchpriority=\"high\" decoding=\"async\" width=\"819\" height=\"1024\" src=\"https:\/\/www.javeriano.edu.co\/javerianonew\/wp-content\/uploads\/2025\/01\/BANNER-FERIA-DE-UNIVERSIDADES-2025-04-insta-819x1024.jpg\" alt=\"\" class=\"wp-image-4320\" srcset=\"https:\/\/www.javeriano.edu.co\/javerianonew\/wp-content\/uploads\/2025\/01\/BANNER-FERIA-DE-UNIVERSIDADES-2025-04-insta-819x1024.jpg 819w, https:\/\/www.javeriano.edu.co\/javerianonew\/wp-content\/uploads\/2025\/01\/BANNER-FERIA-DE-UNIVERSIDADES-2025-04-insta-240x300.jpg 240w, https:\/\/www.javeriano.edu.co\/javerianonew\/wp-content\/uploads\/2025\/01\/BANNER-FERIA-DE-UNIVERSIDADES-2025-04-insta-768x960.jpg 768w, https:\/\/www.javeriano.edu.co\/javerianonew\/wp-content\/uploads\/2025\/01\/BANNER-FERIA-DE-UNIVERSIDADES-2025-04-insta-1229x1536.jpg 1229w, https:\/\/www.javeriano.edu.co\/javerianonew\/wp-content\/uploads\/2025\/01\/BANNER-FERIA-DE-UNIVERSIDADES-2025-04-insta-1638x2048.jpg 1638w, https:\/\/www.javeriano.edu.co\/javerianonew\/wp-content\/uploads\/2025\/01\/BANNER-FERIA-DE-UNIVERSIDADES-2025-04-insta-280x350.jpg 280w, https:\/\/www.javeriano.edu.co\/javerianonew\/wp-content\/uploads\/2025\/01\/BANNER-FERIA-DE-UNIVERSIDADES-2025-04-insta-scaled.jpg 2048w\" sizes=\"(max-width: 819px) 100vw, 819px\" \/><\/figure>\n\n\n\n<h2 class=\"wp-block-heading has-text-align-center has-medium-font-size\">\u00a1LA ENTRADA ES LIBRE! \u00a1gratiuta! \u00a1FREE! \u00a1sin costo! \u00a1No te la puedes perder!<\/h2>\n\n\n\n<div class=\"wp-block-media-text is-stacked-on-mobile\"><figure class=\"wp-block-media-text__media\"><video controls src=\"https:\/\/www.javeriano.edu.co\/javerianonew\/wp-content\/uploads\/2025\/01\/Prom-Valentina-2.mp4\"><\/video><\/figure><div class=\"wp-block-media-text__content\">\n<p>Valentina Bravo nos invita a la Feria de Universidades. <\/p>\n\n\n\n<p>Hay m\u00e1s de 35 instituciones de educaci\u00f3n superio confirmadas, que presentar\u00e1n su oferta acad\u00e9mica, instituciones que ofrecen intercambio acad\u00e9mico en otro pa\u00eds, instituciones que ofrecen posiblidades de estad\u00eda en otras ciudades de Colombia si quieres salir de Nari\u00f1o y mucho m\u00e1s. <\/p>\n\n\n\n<p>\u00a1Te esperamos en la Feria de Universidades!<\/p>\n<\/div><\/div>\n\t\t\t\t\t\t\t\t<\/div>\n\t\t\t\t<\/div>\n\t\t\t\t\t<\/div>\n\t\t\t\t<\/div>\n\t\t<div class=\"elementor-element elementor-element-74148cf e-flex e-con-boxed e-con e-parent\" data-id=\"74148cf\" data-element_type=\"container\">\n\t\t\t\t\t<div class=\"e-con-inner\">\n\t\t<div class=\"elementor-element elementor-element-8d9bda8 e-con-full e-flex e-con e-child\" data-id=\"8d9bda8\" data-element_type=\"container\">\n\t\t\t\t<div class=\"elementor-element elementor-element-ca4dfab elementor-widget elementor-widget-text-editor\" data-id=\"ca4dfab\" data-element_type=\"widget\" data-widget_type=\"text-editor.default\">\n\t\t\t\t<div class=\"elementor-widget-container\">\n\t\t\t\t\t\t\t\t\t<p>Samuel y Alejandro nos invitan a la Feria de Universidades<\/p>\n<p>Ya confirmaron su asistencia m\u00e1s de 45 instituciones de educaci\u00f3n superior de todo el pa\u00eds<\/p>\t\t\t\t\t\t\t\t<\/div>\n\t\t\t\t<\/div>\n\t\t\t\t<\/div>\n\t\t<div class=\"elementor-element elementor-element-6541073 e-con-full e-flex e-con e-child\" data-id=\"6541073\" data-element_type=\"container\">\n\t\t\t\t<div class=\"elementor-element elementor-element-49d2a81 elementor-widget elementor-widget-video\" data-id=\"49d2a81\" data-element_type=\"widget\" data-settings=\"{&quot;youtube_url&quot;:&quot;https:\\\/\\\/youtube.com\\\/shorts\\\/006BqUvtE50?feature=share&quot;,&quot;video_type&quot;:&quot;youtube&quot;,&quot;controls&quot;:&quot;yes&quot;}\" data-widget_type=\"video.default\">\n\t\t\t\t<div class=\"elementor-widget-container\">\n\t\t\t\t\t\t\t<div class=\"elementor-wrapper elementor-open-inline\">\n\t\t\t<div class=\"elementor-video\"><\/div>\t\t<\/div>\n\t\t\t\t\t\t<\/div>\n\t\t\t\t<\/div>\n\t\t\t\t<\/div>\n\t\t\t\t\t<\/div>\n\t\t\t\t<\/div>\n\t\t<div class=\"elementor-element elementor-element-d8fdb22 e-flex e-con-boxed e-con e-parent\" data-id=\"d8fdb22\" data-element_type=\"container\">\n\t\t\t\t\t<div class=\"e-con-inner\">\n\t\t\t\t\t<\/div>\n\t\t\t\t<\/div>\n\t\t<div class=\"elementor-element elementor-element-d6c1afe e-flex e-con-boxed e-con e-parent\" data-id=\"d6c1afe\" data-element_type=\"container\">\n\t\t\t\t\t<div class=\"e-con-inner\">\n\t\t\t\t\t<\/div>\n\t\t\t\t<\/div>\n\t\t\t\t<\/div>\n\t\t","protected":false},"excerpt":{"rendered":"<p>Los d\u00edas 20 y 21 de febrero, jueves y viernes, se realizar\u00e1 la Feria Nacional de Universidades en el Colegio Javeriano, sede Centro. Las puertas estar\u00e1n abiertas de 8:00 am [&hellip;]<\/p>\n","protected":false},"author":2,"featured_media":4320,"comment_status":"open","ping_status":"open","sticky":false,"template":"","format":"standard","meta":{"_acf_changed":false,"footnotes":""},"categories":[9],"tags":[],"class_list":["post-4319","post","type-post","status-publish","format-standard","has-post-thumbnail","hentry","category-institucional"],"acf":[],"_links":{"self":[{"href":"https:\/\/www.javeriano.edu.co\/javerianonew\/wp-json\/wp\/v2\/posts\/4319"}],"collection":[{"href":"https:\/\/www.javeriano.edu.co\/javerianonew\/wp-json\/wp\/v2\/posts"}],"about":[{"href":"https:\/\/www.javeriano.edu.co\/javerianonew\/wp-json\/wp\/v2\/types\/post"}],"author":[{"embeddable":true,"href":"https:\/\/www.javeriano.edu.co\/javerianonew\/wp-json\/wp\/v2\/users\/2"}],"replies":[{"embeddable":true,"href":"https:\/\/www.javeriano.edu.co\/javerianonew\/wp-json\/wp\/v2\/comments?post=4319"}],"version-history":[{"count":5,"href":"https:\/\/www.javeriano.edu.co\/javerianonew\/wp-json\/wp\/v2\/posts\/4319\/revisions"}],"predecessor-version":[{"id":4699,"href":"https:\/\/www.javeriano.edu.co\/javerianonew\/wp-json\/wp\/v2\/posts\/4319\/revisions\/4699"}],"wp:featuredmedia":[{"embeddable":true,"href":"https:\/\/www.javeriano.edu.co\/javerianonew\/wp-json\/wp\/v2\/media\/4320"}],"wp:attachment":[{"href":"https:\/\/www.javeriano.edu.co\/javerianonew\/wp-json\/wp\/v2\/media?parent=4319"}],"wp:term":[{"taxonomy":"category","embeddable":true,"href":"https:\/\/www.javeriano.edu.co\/javerianonew\/wp-json\/wp\/v2\/categories?post=4319"},{"taxonomy":"post_tag","embeddable":true,"href":"https:\/\/www.javeriano.edu.co\/javerianonew\/wp-json\/wp\/v2\/tags?post=4319"}],"curies":[{"name":"wp","href":"https:\/\/api.w.org\/{rel}","templated":true}]}}